{"id":2153,"date":"2018-02-12T13:38:28","date_gmt":"2018-02-12T12:38:28","guid":{"rendered":"https:\/\/ascensoresabando.com\/desarrollo\/blog\/ascensores-abando-siniestralidad-laboral-2018\/"},"modified":"2020-12-15T10:16:39","modified_gmt":"2020-12-15T10:16:39","slug":"ascensores-abando-siniestralidad-laboral-2018","status":"publish","type":"post","link":"https:\/\/ascensoresabando.com\/eu\/ascensores-abando-siniestralidad-laboral-2018\/","title":{"rendered":"Ascensores Abando, contra la siniestralidad laboral"},"content":{"rendered":"<h2><\/h2>\n<h2>Ascensores Abando, S.A., reconocida por su contribuci\u00f3n a la reducci\u00f3n de la siniestralidad laboral.<\/h2>\n<p><strong>Juan F\u00e9lix Gerrikabeitia,<\/strong> Gerente de<strong> <a href=\"https:\/\/www.ascensoresabando.com\/\">Ascensores Abando<\/a><\/strong>, S.A. ha recibido esta ma\u00f1ana el incentivo BONUS, como reconocimiento al esfuerzo realizado en la<strong> reducci\u00f3n de la siniestralidad laboral.<\/strong> Al acto, celebrado en las instalaciones de la empresa en Bilbao, acudi\u00f3 el representante de Mutualia para hacer entrega del diploma certificativo.<\/p>\n<p>Este incentivo ha sido concedido por la <strong>Direcci\u00f3n General de Ordenaci\u00f3n de la Seguridad Social (DGOSS),<\/strong> y abonado por <strong>Mutualia,<\/strong> una vez comprobada la concurrencia de los requisitos previstos en la Normativa vigente que regula el establecimiento de un sistema de reducci\u00f3n de las cotizaciones por contingencias profesionales a las empresas que hayan contribuido especialmente a la disminuci\u00f3n y prevenci\u00f3n de la<strong> siniestralidad laboral.<\/strong><\/p>\n<p>Tal y como se destac\u00f3 en la entrega del BONUS, es la 1\u00aa vez que <a href=\"https:\/\/www.ascensoresabando.com\/ascensores-abando\/quienes-somos\/\">Ascensores Abando<\/a> S.A. consigue este incentivo por tener <strong>ratios de siniestralidad laboral inferiores a los de su sector,<\/strong> y realizar actuaciones efectivas en la prevenci\u00f3n de accidentes de trabajo y enfermedades profesionales.<\/p>\n<p>Tras el acto de entrega del diploma se realiz\u00f3 una visita a las instalaciones de la empresa, donde se constat\u00f3 el <strong>adecuado nivel preventivo<\/strong> en las mismas, as\u00ed como algunas de las actuaciones en seguridad, higiene y ergonom\u00eda realizadas.<\/p>\n<p><a href=\"https:\/\/www.ascensoresabando.com\/contacto\/\"><img loading=\"lazy\" decoding=\"async\" class=\"alignnone size-full wp-image-1293\" src=\"https:\/\/ascensoresabando.com\/wp-content\/uploads\/2018\/01\/ascensores-abando-contacta-1.jpg\" alt=\"\" width=\"770\" height=\"330\" srcset=\"https:\/\/ascensoresabando.com\/wp-content\/uploads\/2018\/01\/ascensores-abando-contacta-1.jpg 770w, https:\/\/ascensoresabando.com\/wp-content\/uploads\/2018\/01\/ascensores-abando-contacta-1-300x129.jpg 300w, https:\/\/ascensoresabando.com\/wp-content\/uploads\/2018\/01\/ascensores-abando-contacta-1-768x330.jpg 768w, https:\/\/ascensoresabando.com\/wp-content\/uploads\/2018\/01\/ascensores-abando-contacta-1-260x111.jpg 260w, https:\/\/ascensoresabando.com\/wp-content\/uploads\/2018\/01\/ascensores-abando-contacta-1-50x21.jpg 50w, https:\/\/ascensoresabando.com\/wp-content\/uploads\/2018\/01\/ascensores-abando-contacta-1-150x64.jpg 150w\" sizes=\"auto, (max-width: 770px) 100vw, 770px\" \/><\/a><\/p>\n","protected":false},"excerpt":{"rendered":"<p>Ascensores Abando, S.A., reconocida por su contribuci\u00f3n a la reducci\u00f3n de la siniestralidad laboral. Juan F\u00e9lix Gerrikabeitia, Gerente de Ascensores Abando, S.A. ha recibido esta ma\u00f1ana<span class=\"excerpt-hellip\"> [\u2026]<\/span><\/p>\n","protected":false},"author":1,"featured_media":2154,"comment_status":"open","ping_status":"closed","sticky":false,"template":"","format":"standard","meta":{"footnotes":""},"categories":[86],"tags":[87,99,127],"class_list":["post-2153","post","type-post","status-publish","format-standard","has-post-thumbnail","hentry","category-ascensores-eu","tag-ascensores-eu","tag-ascensores-abando-eu","tag-mutualia-eu"],"_links":{"self":[{"href":"https:\/\/ascensoresabando.com\/eu\/wp-json\/wp\/v2\/posts\/2153","targetHints":{"allow":["GET"]}}],"collection":[{"href":"https:\/\/ascensoresabando.com\/eu\/wp-json\/wp\/v2\/posts"}],"about":[{"href":"https:\/\/ascensoresabando.com\/eu\/wp-json\/wp\/v2\/types\/post"}],"author":[{"embeddable":true,"href":"https:\/\/ascensoresabando.com\/eu\/wp-json\/wp\/v2\/users\/1"}],"replies":[{"embeddable":true,"href":"https:\/\/ascensoresabando.com\/eu\/wp-json\/wp\/v2\/comments?post=2153"}],"version-history":[{"count":1,"href":"https:\/\/ascensoresabando.com\/eu\/wp-json\/wp\/v2\/posts\/2153\/revisions"}],"predecessor-version":[{"id":2534,"href":"https:\/\/ascensoresabando.com\/eu\/wp-json\/wp\/v2\/posts\/2153\/revisions\/2534"}],"wp:featuredmedia":[{"embeddable":true,"href":"https:\/\/ascensoresabando.com\/eu\/wp-json\/wp\/v2\/media\/2154"}],"wp:attachment":[{"href":"https:\/\/ascensoresabando.com\/eu\/wp-json\/wp\/v2\/media?parent=2153"}],"wp:term":[{"taxonomy":"category","embeddable":true,"href":"https:\/\/ascensoresabando.com\/eu\/wp-json\/wp\/v2\/categories?post=2153"},{"taxonomy":"post_tag","embeddable":true,"href":"https:\/\/ascensoresabando.com\/eu\/wp-json\/wp\/v2\/tags?post=2153"}],"curies":[{"name":"wp","href":"https:\/\/api.w.org\/{rel}","templated":true}]}}