{"id":2114,"date":"2019-01-15T11:00:00","date_gmt":"2019-01-15T10:00:00","guid":{"rendered":"https:\/\/ascensoresabando.com\/desarrollo\/blog\/calendario-de-ferias-de-ascensores-en-2019\/"},"modified":"2020-12-15T10:16:35","modified_gmt":"2020-12-15T10:16:35","slug":"calendario-de-ferias-de-ascensores-en-2019","status":"publish","type":"post","link":"https:\/\/ascensoresabando.com\/eu\/calendario-de-ferias-de-ascensores-en-2019\/","title":{"rendered":"Calendario de ferias de ascensores en 2019"},"content":{"rendered":"<h2><\/h2>\n<h2>Fechas de las principales ferias del mundo del ascensor en 2019<\/h2>\n<p>Poco a poco se va definiendo el <strong>calendario de ferias de ascensores en 2019,<\/strong> y hoy queremos compartirlo contigo.<\/p>\n<p>Como en todos los sectores industriales y de servicios, en el mundo de los ascensores existe una serie de<strong> ferias y congresos nacionales e internacionales de referencia,<\/strong> ferias en las que se presentan y comentan las \u00faltimas novedades del sector, adem\u00e1s de los avances tecnol\u00f3gicos y en materia de seguridad, <a href=\"https:\/\/www.ascensoresabando.com\/blog\/ascensores-comunidad-ahorrar-energia\/\" target=\"_blank\" rel=\"noopener noreferrer\">ahorro energ\u00e9tico<\/a> y un largo etc\u00e9tera.<\/p>\n<p>La importancia de este tipo de eventos es evidente: marcan el <strong>desarrollo anual del sector,<\/strong> permiten identificar tendencias y, sobre todo, crean sinergias entre empresas, nuevas relaciones de las que surge un mayor nivel de innovaci\u00f3n. En definitiva:<strong> relaciones con las que ganamos todos,<\/strong> empresas y usuarios.<\/p>\n<p>Estas <strong>citas especializadas del sector del ascensor<\/strong> normalmente comienzan a marcarse en el calendario en las primeras semanas de cada ejercicio. As\u00ed que ahora, bien entrado febrero, queremos mostrarte la situaci\u00f3n del <strong>calendario de ferias de ascensores en 2019.<\/strong><\/p>\n<p>&nbsp;<\/p>\n<h3>Eurasia Asansor en Estambul (Turqu\u00eda): del 21 al 24 de marzo de 2019<\/h3>\n<p>La decimosexta edici\u00f3n de esta feria se celebrar\u00e1 en el CNR Expo Center de Estambul, en Turqu\u00eda. Es un importante <strong>evento sobre la tecnolog\u00eda del ascensor<\/strong> con proyecci\u00f3n no solo en la regi\u00f3n euroasi\u00e1tica, sino a nivel mundial. Cabe esperar todo tipo de novedades en tecnolog\u00eda, particularmente<strong> componentes el\u00e9ctricos y electr\u00f3nicos, para elevadores y escaleras mec\u00e1nicas.<\/strong><\/p>\n<p>&nbsp;<\/p>\n<h3>Liftex en Londres (Reino Unido): 15 y 16 de mayo de 2019<\/h3>\n<p>La \u00fanica feria del Reino Unido dedicada al sector del ascensor es tambi\u00e9n una de las m\u00e1s importantes de Europa, con proyecci\u00f3n mundial. Se organiza cada tres a\u00f1os, con una media de 100 expositores, adem\u00e1s de todo tipo de seminarios y otros eventos, en los que <strong>descubrir productos, ideas, gente, tecnolog\u00edas e informaci\u00f3n,<\/strong> como ellos mismos explican.<\/p>\n<p>&nbsp;<\/p>\n<h3>Indonesia Lift &amp; Elevator en Surubaya (Indonesia): del 10 al 12 de julio de 2019<\/h3>\n<p>Esta es una feria centrada en el <strong>mercado indonesio y del sudeste asi\u00e1tico,<\/strong> pero, dado el tama\u00f1o de estos mercados, su proyecci\u00f3n es tambi\u00e9n internacional. Todo tipo de novedades aguardan a las empresas del mundo de la <strong>movilidad vertical<\/strong> en Indonesia, en este evento que se celebrar\u00e1 en <strong>Surabaya en 2019 y en Yakarta en 2020.<\/strong><\/p>\n<p>&nbsp;<\/p>\n<h3>Global Lift &amp; Escalator Expo Africa en Johannesburgo (Sud\u00e1frica): del 27 al 29 de agosto de 2019<\/h3>\n<p>La principal cita en \u00c1frica para todas las empresas que quieran exhibir sus productos y tecnolog\u00edas, adem\u00e1s de encontrar clientes potenciales en este mercado en expansi\u00f3n. La<strong> Global Lift &amp; Escalator Expo<\/strong> tiene tambi\u00e9n fijada su edici\u00f3n de 2020, que ser\u00e1 nada menos que en Banglad\u00e9s, otro mercado con mucho potencial.<\/p>\n<p>&nbsp;<\/p>\n<h3>Interlift en Ausburgo (Alemania): del 14 al 18 de octubre de 2019<\/h3>\n<p><strong>Interlift<\/strong> es una de las <strong>ferias especializadas de ascensores y elevadores<\/strong> m\u00e1s importantes del mundo. En ella nos esperar\u00e1 un gran n\u00famero de exposiciones, stands y foros dedicados a todo tipo de sistemas y componentes del ascensor. Con m\u00e1s de <strong>21 000 visitantes<\/strong> solo en 2018, <strong>Interlift<\/strong> es una cita ineludible para toda <a href=\"https:\/\/www.ascensoresabando.com\/\" target=\"_blank\" rel=\"noopener noreferrer\">empresa de instalaci\u00f3n y mantenimiento de ascensores<\/a> que quiera mantenerse al d\u00eda del sector.<\/p>\n<p>&nbsp;<\/p>\n<p>Y esta es la situaci\u00f3n actual de <strong>calendario de ferias de ascensores en 2019.<\/strong> A medida que nos vayamos acercando a las fechas de cada uno de los eventos, sin duda conoceremos m\u00e1s informaci\u00f3n sobre lo que podemos esperar ver en ellos. De lo que no cabe duda es de que ser\u00e1 un a\u00f1o muy interesante.<\/p>\n<p><a href=\"https:\/\/www.ascensoresabando.com\/contacto\/\"><img loading=\"lazy\" decoding=\"async\" class=\"alignnone size-full wp-image-1293\" src=\"https:\/\/ascensoresabando.com\/wp-content\/uploads\/2018\/01\/ascensores-abando-contacta-1.jpg\" alt=\"\" width=\"770\" height=\"330\" srcset=\"https:\/\/ascensoresabando.com\/wp-content\/uploads\/2018\/01\/ascensores-abando-contacta-1.jpg 770w, https:\/\/ascensoresabando.com\/wp-content\/uploads\/2018\/01\/ascensores-abando-contacta-1-300x129.jpg 300w, https:\/\/ascensoresabando.com\/wp-content\/uploads\/2018\/01\/ascensores-abando-contacta-1-768x330.jpg 768w, https:\/\/ascensoresabando.com\/wp-content\/uploads\/2018\/01\/ascensores-abando-contacta-1-260x111.jpg 260w, https:\/\/ascensoresabando.com\/wp-content\/uploads\/2018\/01\/ascensores-abando-contacta-1-50x21.jpg 50w, https:\/\/ascensoresabando.com\/wp-content\/uploads\/2018\/01\/ascensores-abando-contacta-1-150x64.jpg 150w\" sizes=\"auto, (max-width: 770px) 100vw, 770px\" \/><\/a><\/p>\n","protected":false},"excerpt":{"rendered":"<p>Fechas de las principales ferias del mundo del ascensor en 2019 Poco a poco se va definiendo el calendario de ferias de ascensores en 2019, y<span class=\"excerpt-hellip\"> [\u2026]<\/span><\/p>\n","protected":false},"author":1,"featured_media":2115,"comment_status":"closed","ping_status":"closed","sticky":false,"template":"","format":"standard","meta":{"footnotes":""},"categories":[86],"tags":[87,99,92],"class_list":["post-2114","post","type-post","status-publish","format-standard","has-post-thumbnail","hentry","category-ascensores-eu","tag-ascensores-eu","tag-ascensores-abando-eu","tag-ascensores-de-pasajeros-eu"],"_links":{"self":[{"href":"https:\/\/ascensoresabando.com\/eu\/wp-json\/wp\/v2\/posts\/2114","targetHints":{"allow":["GET"]}}],"collection":[{"href":"https:\/\/ascensoresabando.com\/eu\/wp-json\/wp\/v2\/posts"}],"about":[{"href":"https:\/\/ascensoresabando.com\/eu\/wp-json\/wp\/v2\/types\/post"}],"author":[{"embeddable":true,"href":"https:\/\/ascensoresabando.com\/eu\/wp-json\/wp\/v2\/users\/1"}],"replies":[{"embeddable":true,"href":"https:\/\/ascensoresabando.com\/eu\/wp-json\/wp\/v2\/comments?post=2114"}],"version-history":[{"count":1,"href":"https:\/\/ascensoresabando.com\/eu\/wp-json\/wp\/v2\/posts\/2114\/revisions"}],"predecessor-version":[{"id":2494,"href":"https:\/\/ascensoresabando.com\/eu\/wp-json\/wp\/v2\/posts\/2114\/revisions\/2494"}],"wp:featuredmedia":[{"embeddable":true,"href":"https:\/\/ascensoresabando.com\/eu\/wp-json\/wp\/v2\/media\/2115"}],"wp:attachment":[{"href":"https:\/\/ascensoresabando.com\/eu\/wp-json\/wp\/v2\/media?parent=2114"}],"wp:term":[{"taxonomy":"category","embeddable":true,"href":"https:\/\/ascensoresabando.com\/eu\/wp-json\/wp\/v2\/categories?post=2114"},{"taxonomy":"post_tag","embeddable":true,"href":"https:\/\/ascensoresabando.com\/eu\/wp-json\/wp\/v2\/tags?post=2114"}],"curies":[{"name":"wp","href":"https:\/\/api.w.org\/{rel}","templated":true}]}}